{"id":165,"date":"2018-04-09T22:02:24","date_gmt":"2018-04-09T20:02:24","guid":{"rendered":"http:\/\/universalproyecto.org\/?p=165"},"modified":"2018-04-09T22:03:15","modified_gmt":"2018-04-09T20:03:15","slug":"165","status":"publish","type":"post","link":"http:\/\/universalproyecto.org\/?p=165","title":{"rendered":"RESCATE PARA FAMILIAS"},"content":{"rendered":"<div class=\"entry-meta\"><\/div>\n<div class=\"entry-content\">\n<h1><strong><a href=\"http:\/\/www.escuelaabierta.eu\/wp-content\/uploads\/2014\/10\/4-9923B50D-102440-480.jpg\"><img decoding=\"async\" loading=\"lazy\" class=\"alignnone wp-image-1118\" src=\"http:\/\/www.escuelaabierta.eu\/wp-content\/uploads\/2014\/10\/4-9923B50D-102440-480-300x200.jpg\" sizes=\"(max-width: 203px) 100vw, 203px\" srcset=\"http:\/\/www.escuelaabierta.eu\/wp-content\/uploads\/2014\/10\/4-9923B50D-102440-480-300x200.jpg 300w, http:\/\/www.escuelaabierta.eu\/wp-content\/uploads\/2014\/10\/4-9923B50D-102440-480.jpg 480w\" alt=\"4-9923B50D-102440-480\" width=\"203\" height=\"135\" \/><\/a>\u00a0 \u00a0 \u00a0 \u00a0 \u00a0 \u00a0RESCATE PARA FAMILIAS<\/strong><\/h1>\n<div><\/div>\n<h4><b>Estimados todos:<\/b><\/h4>\n<h4><strong>Perm\u00edtame la siguiente propuesta, incluso con su t\u00edtulo o lema si quiere: \u2018rescate a las familias\u2019. Las familias y conjunto social, antes de \u00e9ste \u2018escaparate industrial\u2019 con tanto producto in\u00fatil, siempre hemos logrado tener el sustento diario mediante la labor ejercida en la labranza de las tierras. Con unas pol\u00edticas econ\u00f3micas de desarrollo agrario y de campesinado, donde la familia se encuentre con un peque\u00f1o apoyo econ\u00f3mico,\u00a0 para herramientas y utillajes de labranza; le aseguro que con dichas pol\u00edticas, muchas familias, muchas, volver\u00edan a la labor de faenar el campo.<\/strong><\/h4>\n<p><b>\u00a0Cierto es que otras tantas no estar\u00edan por la labor de \u2018pringarse en el campo\u2019, pero calcule que en ese 40% de familias que se negaran, se encontrar\u00eda un 60% m\u00ednimo de familias que s\u00ed acceder\u00edan con gusto y por necesidad a la labranza y cultivo de la tierra.<\/b><\/p>\n<p><b>\u00a0Piense que son tiempos de aprender a caminar unidos, sin distinciones que valgan; que es la unidad, no la divisi\u00f3n, la que da soluciones y fuerza.. \u00c9ste\u2026\u2019rescate a las familias\u2019, marcar\u00eda una realidad sobre alguien que en verdad est\u00e1 por la labor de sacar a la Sociedad para adelante y qu\u00e9 mejor manera que la de dando la oportunidad a que tantas y tantas tierras hoy liegas, retomen de nuevo su verdadero origen que es la de producir. De por seguro, que el trabajo de la tierra quitar\u00e1 mucho paro, pero que sea realizado por propias familias como de siempre se ha hecho.<i><\/i><\/b><\/p>\n<p><b>\u00a0 El exclusivo rescate a la banca, puede que traiga m\u00e1s de lo mismo y mu<\/b><b>y contraproducente para la visi\u00f3n del conjunto de la ciudadan\u00eda. Si paralelamente se lleva a cabo un verdadero rescate a las familias, con unas pol\u00edticas de desarrollo econ\u00f3mico agrario y de campesinado, ser\u00e1 un verdadero rescate a muchos miles de familias, que quieran aprovechar para salir de \u00e9sta ca\u00edda social en todos los \u00f3rdenes.<\/b><\/p>\n<p>Datos de investigaci\u00f3n que podr\u00e1n encontrar en la Obra de J. H\u00edades, LOS POBRES DE MI TIERRA (y sucesivas de LUCEROS DEL ALBA), de acceso gratuito en las web adjuntas.<\/p>\n<div><b><i>\u00a0Con todo respeto y cari\u00f1o, reciba mi m\u00e1s sincero saludo hacia su persona, de un ciudadano m\u00e1s.<br \/>\n<\/i><\/b><\/div>\n<div><b><i>Juan Gal\u00e1n<\/i><\/b><\/div>\n<div><b><i><br \/>\n(UNI\u00d3N UNIVERSAL DESARROLLO SOLIDARIO)<\/i><\/b><\/div>\n<div><\/div>\n<div>\n<div>\n<h4>Cuando los pa\u00edses vuelvan al desarrollo y protecci\u00f3n del mercado interno, ser\u00e1 cuando se recuperen las econom\u00edas, especialmente de los pa\u00edses empobrecidos. Mediante pol\u00edticas de apoyo, inversi\u00f3n\u00a0 econ\u00f3micas para la redistribuci\u00f3n de tierras don la agricultura y el campesinado vuelvan a florecer con el trabajo de las familias que se dediquen a tan hermosa tarea. Las familias agrarias y del campesinado siempre han sido comunidades autosuficientes, gracias a su esfuerzo y tes\u00f3n en sus tierras, sin ingerencias externas.<\/h4>\n<p>La obra adjunta LOS POBRES DE MI TIERRA, es un estudio cient\u00edfico social que creo deja claro semejante postura. Si as\u00ed consideran, ruego su divulgaci\u00f3n para dicho conocimiento no se silencie y llegue a todos por igual.<\/p>\n<p>Sinceramente<\/p>\n<\/div>\n<p>Juan Gal\u00e1n (Presidente)<\/p>\n<p>(H\u00e1gase Embajador de \u00e9sta propuesta, pues es tarea de todos).<\/p>\n<\/div>\n<p>\u2014<br \/>\n<b>UNI\u00d3N UNIVERSAL DESARROLLO SOLIDARIO<\/b><\/p>\n<div><b><a href=\"mailto:universalproyecto@gmail.com\" target=\"_blank\" rel=\"noopener\">universalproyecto@gmail.com<\/a><\/b><\/div>\n<div><b><a href=\"http:\/\/www.escuelaabierta.eu\/\" target=\"_blank\" rel=\"noopener\">www.escuelaabierta.eu<\/a><\/b><\/div>\n<div><b><a href=\"http:\/\/www.universalproyecto.org\/\" target=\"_blank\" rel=\"noopener\">www.universalproyecto.org<\/a><\/b><\/div>\n<\/div>\n<p>&#8212;Resto de enlaces, para divulgar. Gracias&#8212;http:\/\/www.ivoox.com\/escuchar-juan-galan_nq_190805_1.html<\/p>\n","protected":false},"excerpt":{"rendered":"<p>\u00a0 \u00a0 \u00a0 \u00a0 \u00a0 \u00a0RESCATE PARA FAMILIAS Estimados todos: Perm\u00edtame la siguiente propuesta, incluso con su t\u00edtulo o lema si quiere: \u2018rescate a las familias\u2019. Las familias y conjunto social, antes de \u00e9ste \u2018escaparate industrial\u2019 con tanto producto in\u00fatil, siempre hemos logrado tener el sustento diario mediante la labor ejercida en la labranza de &hellip; <\/p>\n<p class=\"link-more\"><a href=\"http:\/\/universalproyecto.org\/?p=165\" class=\"more-link\">Continuar leyendo<span class=\"screen-reader-text\"> \u00abRESCATE PARA FAMILIAS\u00bb<\/span><\/a><\/p>\n","protected":false},"author":1,"featured_media":0,"comment_status":"closed","ping_status":"closed","sticky":false,"template":"","format":"standard","meta":[],"categories":[5,6,1],"tags":[],"_links":{"self":[{"href":"http:\/\/universalproyecto.org\/index.php?rest_route=\/wp\/v2\/posts\/165"}],"collection":[{"href":"http:\/\/universalproyecto.org\/index.php?rest_route=\/wp\/v2\/posts"}],"about":[{"href":"http:\/\/universalproyecto.org\/index.php?rest_route=\/wp\/v2\/types\/post"}],"author":[{"embeddable":true,"href":"http:\/\/universalproyecto.org\/index.php?rest_route=\/wp\/v2\/users\/1"}],"replies":[{"embeddable":true,"href":"http:\/\/universalproyecto.org\/index.php?rest_route=%2Fwp%2Fv2%2Fcomments&post=165"}],"version-history":[{"count":2,"href":"http:\/\/universalproyecto.org\/index.php?rest_route=\/wp\/v2\/posts\/165\/revisions"}],"predecessor-version":[{"id":167,"href":"http:\/\/universalproyecto.org\/index.php?rest_route=\/wp\/v2\/posts\/165\/revisions\/167"}],"wp:attachment":[{"href":"http:\/\/universalproyecto.org\/index.php?rest_route=%2Fwp%2Fv2%2Fmedia&parent=165"}],"wp:term":[{"taxonomy":"category","embeddable":true,"href":"http:\/\/universalproyecto.org\/index.php?rest_route=%2Fwp%2Fv2%2Fcategories&post=165"},{"taxonomy":"post_tag","embeddable":true,"href":"http:\/\/universalproyecto.org\/index.php?rest_route=%2Fwp%2Fv2%2Ftags&post=165"}],"curies":[{"name":"wp","href":"https:\/\/api.w.org\/{rel}","templated":true}]}}