{"id":159,"date":"2018-04-09T21:55:33","date_gmt":"2018-04-09T19:55:33","guid":{"rendered":"http:\/\/universalproyecto.org\/?p=159"},"modified":"2018-04-09T21:55:39","modified_gmt":"2018-04-09T19:55:39","slug":"la-no-propiedad-o-trabajo-comunitario-i","status":"publish","type":"post","link":"http:\/\/universalproyecto.org\/?p=159","title":{"rendered":"LA NO PROPIEDAD O TRABAJO COMUNITARIO I."},"content":{"rendered":"<div class=\"entry-meta\"><\/div>\n<div class=\"entry-content\">\n<h2><strong><a href=\"http:\/\/www.escuelaabierta.eu\/wp-content\/uploads\/2014\/11\/4-84185BF2-916774-480.jpg\"><img decoding=\"async\" loading=\"lazy\" class=\"alignnone wp-image-1106\" src=\"http:\/\/www.escuelaabierta.eu\/wp-content\/uploads\/2014\/11\/4-84185BF2-916774-480-224x300.jpg\" sizes=\"(max-width: 125px) 100vw, 125px\" srcset=\"http:\/\/www.escuelaabierta.eu\/wp-content\/uploads\/2014\/11\/4-84185BF2-916774-480-224x300.jpg 224w, http:\/\/www.escuelaabierta.eu\/wp-content\/uploads\/2014\/11\/4-84185BF2-916774-480.jpg 320w\" alt=\"4-84185BF2-916774-480\" width=\"125\" height=\"167\" \/><\/a>\u00a0 \u00a0 \u00a0 \u00a0 \u00a0\u00a0LA NO PROPIEDAD \u2013<\/strong><\/h2>\n<h2><strong>\u00a0 \u00a0 \u00a0 \u00a0 \u00a0 \u00a0 \u00a0 \u00a0 \u00a0 \u00a0 \u00a0 \u00a0 \u00a0 \u00a0 \u00a0 TRABAJO COMUNITARIO I.<\/strong><\/h2>\n<p>Nos resistimos para comprometernos en realizar cambios sustanciales, porque la costumbre se encuentra m\u00e1s que implantada; incluso se inventan frases trampa, \u2018 m\u00e1s vale p\u00e1jaro volando que cientos volando\u2019,\u2019m\u00e1s vale lo viejo conocido que lo nuevo por conocer\u2019, etc.: a fin de que la ra\u00edz de lo impuesto contin\u00fae hacia el futuro. Y eso no puede ser as\u00ed\u00a0por m\u00e1s tiempo, porque lo que ahora ya tenemos,\u00a0solo nos aporta m\u00e1s de lo mismo\u2026, inseguridad, ca\u00edda en formas perjuiciosas, desigualdades crecientes, tr\u00e1fico de toda clase de mafias, etc.<\/p>\n<p>LOS POBRES DE MI TIERRA y POL\u00cdTICA DE POL\u00cdTICOS-POL\u00cdTICOS DE POL\u00cdTICA \u00a0de J. H\u00edades, nos plantean la realidad de los problemas desde las investigaciones\u00a0en el terreno antropol\u00f3gico y desde la perspectiva y profundidad de la politolog\u00eda; pero tambi\u00e9n nos va proponiendo soluciones de salidas pr\u00e1cticas e igualitarias, donde el ciudadano volver\u00e1 a desarrollarse en su autosuficiencia como antes lo era y por otro lado, nos empuja hacia la no propiedad mediante el trabajo que se realice hacia la comunidad.<\/p>\n<p>Hemos visto como se vienen rescatando a las grandes corporaciones con dineros p\u00fablicos, ignorando que la verdadera econom\u00eda de un pa\u00eds es el trabajo de los ciudadanos. \u00bfPorqu\u00e9 no se realizan rescates a las familias para las que as\u00ed lo deseen, proporcion\u00e1ndoles unos peque\u00f1os terrenos donde poder labrar y labrase su futuro?; \u00bfporqu\u00e9 no se invierte en el desarrollo del mercado interno, impidiendo la injerencia de toda compa\u00f1\u00eda externa que se quiera inmiscuir, avasallando y apropi\u00e1ndose de ese mercado interno? No es el ciudadano el que gobierna, ni tampoco es el gobierno el que ostenta el poder; los verdaderos manipuladores son y es el poder de la econom\u00eda. Mientras as\u00ed se permita, seguiremos pagando los desastres y comodidades de los otros.<\/p>\n<p>\u00bfNos ponemos en aras del ciudadano soberano, como bien se viene proponiendo, reflejado en hermosos tratados, pero a\u00fan, ninguno sin cumplir?; \u00bfqu\u00e9 temor se puede tener a la hora de llevar a cabo los trabajos hacia y por la comunidad, si ser\u00e1 un beneficio absoluto hacia esa ciudadan\u00eda y un paso importante para que se pueda lograr en un futuro no lejano, la manera de vivir y coexistir de la no propiedad? Sencillamente se lograr\u00e1 que la persona comience a vivir en el para\u00edso de igualdad, libertad y justicia que durante tantos siglos y milenios se viene pregonando, pero desviando a la vez, hacia polos opuestos. Estamos en una madurez muy especial para que esa dedicaci\u00f3n para el trabajo hacia la comunidad y el poder vivir dentro de la no propiedad, comience a tomar cuerpo y se materialice en hechos pr\u00e1cticos, todo por el bien de todos.\u00a0<strong>Seremos due\u00f1os de todo, sin ser propietarios de nada.<\/strong>\u00a0De todo tendremos, sin necesidad de ser due\u00f1os de nada. Maduremos en \u00e9stos prop\u00f3sitos, dejando a un lado toda grabaci\u00f3n que se nos tiene impresa, sobre la propiedad y el trabajar hacia los dem\u00e1s, si en verdad queremos conseguir llevar a cabo esa tan cacareada igualdad. Mientras la igualdad no se logre de verdad, no podemos hablar de justicia ni de libertad correcta. (Sigue texto en NO PROPIEDAD II).<\/p>\n<p>&nbsp;<\/p>\n<p><strong>Contactos con el Autor:<\/strong><\/p>\n<p><a title=\"www.escuelaabierta.eu\" href=\"http:\/\/www.escuelaabierta.eu\/\"><strong>www.escuelaabierta.eu<\/strong><\/a><\/p>\n<p><a title=\"www.universalproyecto.org\" href=\"http:\/\/www.universalproyecto.org\/\"><strong>www.universalproyecto.org<\/strong><\/a><\/p>\n<p><a title=\"www.universalproyecto@gmail.com\" href=\"mailto:universalproyecto@gmail.com\" target=\"_blank\" rel=\"noopener\"><strong>universalproyecto@gmail.com<br \/>\n<\/strong><\/a><\/p>\n<p><strong>Esc\u00fachenos en Escuela Abierta FM y en online.<\/strong><\/p>\n<\/div>\n<p>&#8212;Resto de enlaces, para divulgar. Gracias&#8212;http:\/\/www.ivoox.com\/escuchar-juan-galan_nq_190805_1.html<\/p>\n","protected":false},"excerpt":{"rendered":"<p>\u00a0 \u00a0 \u00a0 \u00a0 \u00a0\u00a0LA NO PROPIEDAD \u2013 \u00a0 \u00a0 \u00a0 \u00a0 \u00a0 \u00a0 \u00a0 \u00a0 \u00a0 \u00a0 \u00a0 \u00a0 \u00a0 \u00a0 \u00a0 TRABAJO COMUNITARIO I. Nos resistimos para comprometernos en realizar cambios sustanciales, porque la costumbre se encuentra m\u00e1s que implantada; incluso se inventan frases trampa, \u2018 m\u00e1s vale p\u00e1jaro volando que cientos volando\u2019,\u2019m\u00e1s &hellip; <\/p>\n<p class=\"link-more\"><a href=\"http:\/\/universalproyecto.org\/?p=159\" class=\"more-link\">Continuar leyendo<span class=\"screen-reader-text\"> \u00abLA NO PROPIEDAD O TRABAJO COMUNITARIO I.\u00bb<\/span><\/a><\/p>\n","protected":false},"author":1,"featured_media":0,"comment_status":"closed","ping_status":"closed","sticky":false,"template":"","format":"standard","meta":[],"categories":[5,6,1],"tags":[],"_links":{"self":[{"href":"http:\/\/universalproyecto.org\/index.php?rest_route=\/wp\/v2\/posts\/159"}],"collection":[{"href":"http:\/\/universalproyecto.org\/index.php?rest_route=\/wp\/v2\/posts"}],"about":[{"href":"http:\/\/universalproyecto.org\/index.php?rest_route=\/wp\/v2\/types\/post"}],"author":[{"embeddable":true,"href":"http:\/\/universalproyecto.org\/index.php?rest_route=\/wp\/v2\/users\/1"}],"replies":[{"embeddable":true,"href":"http:\/\/universalproyecto.org\/index.php?rest_route=%2Fwp%2Fv2%2Fcomments&post=159"}],"version-history":[{"count":1,"href":"http:\/\/universalproyecto.org\/index.php?rest_route=\/wp\/v2\/posts\/159\/revisions"}],"predecessor-version":[{"id":160,"href":"http:\/\/universalproyecto.org\/index.php?rest_route=\/wp\/v2\/posts\/159\/revisions\/160"}],"wp:attachment":[{"href":"http:\/\/universalproyecto.org\/index.php?rest_route=%2Fwp%2Fv2%2Fmedia&parent=159"}],"wp:term":[{"taxonomy":"category","embeddable":true,"href":"http:\/\/universalproyecto.org\/index.php?rest_route=%2Fwp%2Fv2%2Fcategories&post=159"},{"taxonomy":"post_tag","embeddable":true,"href":"http:\/\/universalproyecto.org\/index.php?rest_route=%2Fwp%2Fv2%2Ftags&post=159"}],"curies":[{"name":"wp","href":"https:\/\/api.w.org\/{rel}","templated":true}]}}