{"id":157,"date":"2018-04-09T21:54:04","date_gmt":"2018-04-09T19:54:04","guid":{"rendered":"http:\/\/universalproyecto.org\/?p=157"},"modified":"2018-04-09T21:54:04","modified_gmt":"2018-04-09T19:54:04","slug":"la-no-propiedad-ii","status":"publish","type":"post","link":"http:\/\/universalproyecto.org\/?p=157","title":{"rendered":"LA NO PROPIEDAD II"},"content":{"rendered":"<div class=\"entry-meta\"><\/div>\n<div class=\"entry-content\">\n<h1>LA NO PROPIEDAD II<\/h1>\n<p>Vivimos en un estado de ca\u00edda, no solo econ\u00f3mica sino de manera especial, muy importante de valores. Recuperar a nuestras personas para un sistema de vida homog\u00e9neo en esos valores humanos es una tarea prioritaria que no permite demora alguna.<\/p>\n<p><a href=\"http:\/\/www.escuelaabierta.eu\/wp-content\/uploads\/2014\/11\/Baterias-de-zonas-comunitartias.jpg\"><img decoding=\"async\" loading=\"lazy\" class=\"alignnone size-medium wp-image-996\" src=\"http:\/\/www.escuelaabierta.eu\/wp-content\/uploads\/2014\/11\/Baterias-de-zonas-comunitartias-300x199.jpg\" sizes=\"(max-width: 300px) 100vw, 300px\" srcset=\"http:\/\/www.escuelaabierta.eu\/wp-content\/uploads\/2014\/11\/Baterias-de-zonas-comunitartias-300x199.jpg 300w, http:\/\/www.escuelaabierta.eu\/wp-content\/uploads\/2014\/11\/Baterias-de-zonas-comunitartias-1024x680.jpg 1024w, http:\/\/www.escuelaabierta.eu\/wp-content\/uploads\/2014\/11\/Baterias-de-zonas-comunitartias.jpg 1600w\" alt=\"Baterias de zonas comunitartias\" width=\"300\" height=\"199\" \/><\/a>\u00a0 \u00a0\u00a0<a href=\"http:\/\/www.escuelaabierta.eu\/wp-content\/uploads\/2014\/11\/trigales.jpg\"><img decoding=\"async\" loading=\"lazy\" class=\"alignnone size-medium wp-image-997\" src=\"http:\/\/www.escuelaabierta.eu\/wp-content\/uploads\/2014\/11\/trigales.jpg\" alt=\"trigales\" width=\"275\" height=\"183\" \/><\/a><\/p>\n<p><a href=\"http:\/\/www.escuelaabierta.eu\/wp-content\/uploads\/2014\/11\/borriquillos-arando.jpg\"><img decoding=\"async\" loading=\"lazy\" class=\"alignnone size-medium wp-image-998\" src=\"http:\/\/www.escuelaabierta.eu\/wp-content\/uploads\/2014\/11\/borriquillos-arando.jpg\" alt=\"borriquillos arando\" width=\"259\" height=\"194\" \/><\/a>\u00a0 \u00a0 \u00a0 \u00a0 \u00a0 \u00a0 \u00a0<a href=\"http:\/\/www.escuelaabierta.eu\/wp-content\/uploads\/2014\/11\/aventando.jpg\"><img decoding=\"async\" loading=\"lazy\" class=\"alignnone size-full wp-image-1004\" src=\"http:\/\/www.escuelaabierta.eu\/wp-content\/uploads\/2014\/11\/aventando.jpg\" alt=\"aventando\" width=\"274\" height=\"184\" \/><\/a><\/p>\n<p><a href=\"http:\/\/www.escuelaabierta.eu\/wp-content\/uploads\/2014\/11\/labranza-y-frutales.jpg\"><img decoding=\"async\" loading=\"lazy\" class=\"alignnone size-medium wp-image-1000\" src=\"http:\/\/www.escuelaabierta.eu\/wp-content\/uploads\/2014\/11\/labranza-y-frutales.jpg\" alt=\"labranza y frutales\" width=\"259\" height=\"194\" \/><\/a>\u00a0 \u00a0 \u00a0 \u00a0\u00a0\u00a0<a href=\"http:\/\/www.escuelaabierta.eu\/wp-content\/uploads\/2014\/11\/recogida-aceituna.jpg\"><img decoding=\"async\" loading=\"lazy\" class=\"alignnone size-medium wp-image-1001\" src=\"http:\/\/www.escuelaabierta.eu\/wp-content\/uploads\/2014\/11\/recogida-aceituna-300x224.jpg\" sizes=\"(max-width: 300px) 100vw, 300px\" srcset=\"http:\/\/www.escuelaabierta.eu\/wp-content\/uploads\/2014\/11\/recogida-aceituna-300x224.jpg 300w, http:\/\/www.escuelaabierta.eu\/wp-content\/uploads\/2014\/11\/recogida-aceituna.jpg 488w\" alt=\"recogida aceituna\" width=\"300\" height=\"224\" \/><\/a><\/p>\n<p>En una sociedad \u00a0industrializada, con un sistema tendente al buen vivir a costa del esfuerzo y riquezas de los dem\u00e1s; donde la intrascendencia de ese vivir se va extendiendo para unos pocos a base del sacrificio, privaci\u00f3n y sufrir de unos muchos; hablar de la No propiedad, se hace muy cuesta arriba, especialmente para esos pocos que creen que les va bien en su vivir.<\/p>\n<p>Y\u00e9ndonos a lo expuesto en POL\u00cdTICA DE POL\u00cdTICOS-POL\u00cdTICOS DE POL\u00cdTICA, en las diversas ocasiones donde se va desarrollando el trabajo hacia la comunidad, para que esa comunidad revierta todo cuanto cada persona necesita en su subsistir; no solo debemos detenernos, en la gratuidad del servicio y en la corresponsabilidad de esa gratuidad, al recibir cada uno lo que precise; tambi\u00e9n debemos referirnos c\u00f3mo debemos redirigirnos para recuperar el vivir y convivir de manera comunitaria dentro de un sistema de NO propiedad.<\/p>\n<p>Si pensamos en los barracones, naves o compa\u00f1\u00edas que se constru\u00edan con fines militares; donde viv\u00edan y conviv\u00edan grupos nutridos de soldados. Donde encontraban cada una de sus necesidades suplidas, dentro de los llamados campamentos. no solamente las zonas dormitorios, sino de recreo, servicios, sanidad, comedores, cocina, economatos, cuadras, carruajes, herramientas y \u00fatiles de toda clase; pozos, zonas de labranza, talleres y escuelas. Generando una situaci\u00f3n de verdadera autosuficiencia e independencia; donde todos, sirven a fin com\u00fan.<\/p>\n<p>Llevemos una situaci\u00f3n similar hacia la acci\u00f3n pr\u00e1ctica de convivencia en la ciudadan\u00eda civil; y qu\u00e9 mejor, donde en cada exterior de la poblaci\u00f3n se construya ese tipo de instalaciones donde van a encontrarse igualmente, adem\u00e1s, sus zonas de recreo, sus laboratorios de investigaci\u00f3n y estudio de todas las materias. La redirecci\u00f3n de las personas hacia sus valores correctos no perjudiciales, para que se construya una sociedad lo m\u00e1s natural, igualitaria y libre que en dichos t\u00e9rminos pueda alcanzarse.<\/p>\n<p>Las personas y familias m\u00e1s necesitarias, los llamados sin techo, as\u00ed hasta ir abarcando el grueso de la poblaci\u00f3n; para desembocar en una forma de vida, como hemos mantenido anteriormente, llamada de trabajo hacia la comunidad y basado, en esos t\u00e9rminos, en la NO propiedad.<\/p>\n<p><strong>Contactos con el Autor:<\/strong><\/p>\n<p><a title=\"www.escuelaabierta.eu\" href=\"http:\/\/www.escuelaabierta.eu\/\"><strong>www.escuelaabierta.eu<\/strong><\/a><\/p>\n<p><a title=\"www.universalproyecto.org\" href=\"http:\/\/www.universalproyecto.org\/\"><strong>www.universalproyecto.org<\/strong><\/a><\/p>\n<p><a title=\"www.universalproyecto@gmail.com\" href=\"mailto:universalproyecto@gmail.com\" target=\"_blank\" rel=\"noopener\"><strong>universalproyecto@gmail.com<br \/>\n<\/strong><\/a><\/p>\n<p><strong>Esc\u00fachenos en Escuela Abierta FM y en online.<\/strong><\/p>\n<\/div>\n<p>&#8212;Resto de enlaces, para divulgar. Gracias&#8212;http:\/\/www.ivoox.com\/escuchar-juan-galan_nq_190805_1.html<\/p>\n","protected":false},"excerpt":{"rendered":"<p>LA NO PROPIEDAD II Vivimos en un estado de ca\u00edda, no solo econ\u00f3mica sino de manera especial, muy importante de valores. Recuperar a nuestras personas para un sistema de vida homog\u00e9neo en esos valores humanos es una tarea prioritaria que no permite demora alguna. \u00a0 \u00a0\u00a0 \u00a0 \u00a0 \u00a0 \u00a0 \u00a0 \u00a0 \u00a0 \u00a0 \u00a0 &hellip; <\/p>\n<p class=\"link-more\"><a href=\"http:\/\/universalproyecto.org\/?p=157\" class=\"more-link\">Continuar leyendo<span class=\"screen-reader-text\"> \u00abLA NO PROPIEDAD II\u00bb<\/span><\/a><\/p>\n","protected":false},"author":1,"featured_media":0,"comment_status":"closed","ping_status":"closed","sticky":false,"template":"","format":"standard","meta":[],"categories":[5,6,1],"tags":[],"_links":{"self":[{"href":"http:\/\/universalproyecto.org\/index.php?rest_route=\/wp\/v2\/posts\/157"}],"collection":[{"href":"http:\/\/universalproyecto.org\/index.php?rest_route=\/wp\/v2\/posts"}],"about":[{"href":"http:\/\/universalproyecto.org\/index.php?rest_route=\/wp\/v2\/types\/post"}],"author":[{"embeddable":true,"href":"http:\/\/universalproyecto.org\/index.php?rest_route=\/wp\/v2\/users\/1"}],"replies":[{"embeddable":true,"href":"http:\/\/universalproyecto.org\/index.php?rest_route=%2Fwp%2Fv2%2Fcomments&post=157"}],"version-history":[{"count":1,"href":"http:\/\/universalproyecto.org\/index.php?rest_route=\/wp\/v2\/posts\/157\/revisions"}],"predecessor-version":[{"id":158,"href":"http:\/\/universalproyecto.org\/index.php?rest_route=\/wp\/v2\/posts\/157\/revisions\/158"}],"wp:attachment":[{"href":"http:\/\/universalproyecto.org\/index.php?rest_route=%2Fwp%2Fv2%2Fmedia&parent=157"}],"wp:term":[{"taxonomy":"category","embeddable":true,"href":"http:\/\/universalproyecto.org\/index.php?rest_route=%2Fwp%2Fv2%2Fcategories&post=157"},{"taxonomy":"post_tag","embeddable":true,"href":"http:\/\/universalproyecto.org\/index.php?rest_route=%2Fwp%2Fv2%2Ftags&post=157"}],"curies":[{"name":"wp","href":"https:\/\/api.w.org\/{rel}","templated":true}]}}