{"id":155,"date":"2018-04-09T21:52:26","date_gmt":"2018-04-09T19:52:26","guid":{"rendered":"http:\/\/universalproyecto.org\/?p=155"},"modified":"2018-04-09T21:52:34","modified_gmt":"2018-04-09T19:52:34","slug":"la-estupidez-y-la-compasion-i","status":"publish","type":"post","link":"http:\/\/universalproyecto.org\/?p=155","title":{"rendered":"LA ESTUPIDEZ Y LA COMPASI\u00d3N \u2013 I"},"content":{"rendered":"<div class=\"entry-meta\"><\/div>\n<div class=\"entry-content\">\n<h2><\/h2>\n<h2><strong><img decoding=\"async\" loading=\"lazy\" class=\"alignnone wp-image-1104\" src=\"http:\/\/www.escuelaabierta.eu\/wp-content\/uploads\/2014\/11\/4-2E926A4B-1090393-480-200x300.jpg\" sizes=\"(max-width: 89px) 100vw, 89px\" srcset=\"http:\/\/www.escuelaabierta.eu\/wp-content\/uploads\/2014\/11\/4-2E926A4B-1090393-480-200x300.jpg 200w, http:\/\/www.escuelaabierta.eu\/wp-content\/uploads\/2014\/11\/4-2E926A4B-1090393-480.jpg 320w\" alt=\"4-2E926A4B-1090393-480\" width=\"89\" height=\"133\" \/>LA ESTUPIDEZ Y LA COMPASI\u00d3N \u2013 I<\/strong><\/h2>\n<p>\u00bfSon ant\u00edpodas una de la otra? Las estupidez es algo que se toma dentro de la actitud racional del ser humano. Con ella se justifican, incluso, determinaciones \u00a0que despu\u00e9s ser\u00e1n alabadas; \u2018yo castigu\u00e9 a mi hijo sin comer porque no me hac\u00eda caso\u2019; cuestion\u00e9monos sinceramente, \u00bflo castigaste con el amor de la correcci\u00f3n, o descargaste sobre \u00e9l, la c\u00f3lera y rabia encerrada y que no te has atrevido a hacerlo con otros o sencillamente no te ocupas en comprender?; todo ello, entra dentro del grado de\u00a0<strong>estupidez leve.\u00a0<\/strong>\u2018Lo ten\u00eda a tiro y aprovechando la ocasi\u00f3n, le dispar\u00e9\u2019; \u00e9ste modelo de planteamiento-acci\u00f3n, entra dentro del<strong>\u00a0grado medio de\u00a0<\/strong><b>estupidez.\u00a0<\/b>\u2018Rechac\u00e9 el<b>\u00a0<\/b>reconocimiento y la dotaci\u00f3n del premio millonario, porque no quer\u00eda salir en la foto con el Ministro tal o el Presidente cual, como protesta por lo mal que lo vienen haciendo en educaci\u00f3n o en defensa o en sanidad o en investigaci\u00f3n o en apoyo al desarrollo, etc.;\u00a0\u00e9sto ya alcanza un muy\u00a0<strong>alto grado de gravedad en la acci\u00f3n de la estupidez.\u00a0<\/strong><\/p>\n<p>Cuando se est\u00e1 en el proceso de construir, y se pide la posibilidad de participar, siendo reconocido y en la labor que trae, esa persona nominada, por los trabajos que hasta el presente est\u00e1 realizando; no se puede escupir sobre la mano que se te tiende, para que participes y formes parte de una opini\u00f3n en esa construcci\u00f3n; porque han elegido obras tuyas y maneras de tu liberal pensamiento, como representativas del modelo social que se pretende encauzar en esa constante estructura del pensamiento humano. No se puede coger el arma de la vanidad, menospreciando lo constituido hasta el presente, para justificar de como lo incorrecto es culpa de los otros, y por eso no participa. Esa nulidad o ceguera, nos impide observar que precisamente aquellos\u00a0que se\u00f1alamos de como vienen actuando de manera incorrecta, son los que precisamente nos han seleccionado, para que con nuestra labor, participemos, como digo, en las estructuras sociales del momento.<\/p>\n<p>Eso son obras de la raz\u00f3n de la estupidez que nos maneja a su antojo, pero lo m\u00e1s est\u00fapido es que nosotros nos dejamos influenciar, con su aplastante afirmaci\u00f3n de que los est\u00fapidos son los dem\u00e1s. De ah\u00ed que la raz\u00f3n nos empuje a determinadas situaciones relevantes, como el reconocimiento y la otorgaci\u00f3n de premios, para que nos sirva de lanzadera en esa supuesta protesta; donde rechaz\u00e1ndolos p\u00fablicamente, demostremos la fuerza de esa\u00a0est\u00fapida raz\u00f3n de negaci\u00f3n. Gracias a esa acci\u00f3n de aparente valent\u00eda, acicalan m\u00e1s a\u00fan la situaci\u00f3n por la que en apariencia daba origen a su protesta. Ah\u00ed ya no se puede rebuscar entre los atributos, la supuesta valent\u00eda, sino, dentro de la muy variada gama de m\u00e1scaras, incuestionablemente podemos afirmar que intervienen la estupidez y la cobard\u00eda.<\/p>\n<p>Veamos ahora el atributo o condici\u00f3n de<strong>\u00a0la compasi\u00f3n<\/strong>; la compasi\u00f3n no procede de la cabeza, sino del coraz\u00f3n. Y del coraz\u00f3n, es sacado directamente, ya horneado, de la conciencia.<\/p>\n<p>(Continuamos \u00e9sta tem\u00e1tica, en p\u00e1gina sucesiva<strong>\u00a0LA COMPASI\u00d3N II<\/strong>)<\/p>\n<p>&nbsp;<\/p>\n<p><strong>Contactos con el Autor:<\/strong><\/p>\n<p><a title=\"www.escuelaabierta.eu\" href=\"http:\/\/www.escuelaabierta.eu\/\"><strong>www.escuelaabierta.eu<\/strong><\/a><\/p>\n<p><a title=\"www.universalproyecto.org\" href=\"http:\/\/www.universalproyecto.org\/\"><strong>www.universalproyecto.org<\/strong><\/a><\/p>\n<p><a title=\"www.universalproyecto@gmail.com\" href=\"mailto:universalproyecto@gmail.com\" target=\"_blank\" rel=\"noopener\"><strong>universalproyecto@gmail.com<br \/>\n<\/strong><\/a><\/p>\n<p><strong>Esc\u00fachenos en Escuela Abierta FM y en online.<\/strong><\/p>\n<\/div>\n<p>&#8212;Resto de enlaces, para divulgar. Gracias&#8212;http:\/\/www.ivoox.com\/escuchar-juan-galan_nq_190805_1.html<\/p>\n","protected":false},"excerpt":{"rendered":"<p>LA ESTUPIDEZ Y LA COMPASI\u00d3N \u2013 I \u00bfSon ant\u00edpodas una de la otra? Las estupidez es algo que se toma dentro de la actitud racional del ser humano. Con ella se justifican, incluso, determinaciones \u00a0que despu\u00e9s ser\u00e1n alabadas; \u2018yo castigu\u00e9 a mi hijo sin comer porque no me hac\u00eda caso\u2019; cuestion\u00e9monos sinceramente, \u00bflo castigaste con &hellip; <\/p>\n<p class=\"link-more\"><a href=\"http:\/\/universalproyecto.org\/?p=155\" class=\"more-link\">Continuar leyendo<span class=\"screen-reader-text\"> \u00abLA ESTUPIDEZ Y LA COMPASI\u00d3N \u2013 I\u00bb<\/span><\/a><\/p>\n","protected":false},"author":1,"featured_media":0,"comment_status":"closed","ping_status":"closed","sticky":false,"template":"","format":"standard","meta":[],"categories":[5,6,1],"tags":[],"_links":{"self":[{"href":"http:\/\/universalproyecto.org\/index.php?rest_route=\/wp\/v2\/posts\/155"}],"collection":[{"href":"http:\/\/universalproyecto.org\/index.php?rest_route=\/wp\/v2\/posts"}],"about":[{"href":"http:\/\/universalproyecto.org\/index.php?rest_route=\/wp\/v2\/types\/post"}],"author":[{"embeddable":true,"href":"http:\/\/universalproyecto.org\/index.php?rest_route=\/wp\/v2\/users\/1"}],"replies":[{"embeddable":true,"href":"http:\/\/universalproyecto.org\/index.php?rest_route=%2Fwp%2Fv2%2Fcomments&post=155"}],"version-history":[{"count":1,"href":"http:\/\/universalproyecto.org\/index.php?rest_route=\/wp\/v2\/posts\/155\/revisions"}],"predecessor-version":[{"id":156,"href":"http:\/\/universalproyecto.org\/index.php?rest_route=\/wp\/v2\/posts\/155\/revisions\/156"}],"wp:attachment":[{"href":"http:\/\/universalproyecto.org\/index.php?rest_route=%2Fwp%2Fv2%2Fmedia&parent=155"}],"wp:term":[{"taxonomy":"category","embeddable":true,"href":"http:\/\/universalproyecto.org\/index.php?rest_route=%2Fwp%2Fv2%2Fcategories&post=155"},{"taxonomy":"post_tag","embeddable":true,"href":"http:\/\/universalproyecto.org\/index.php?rest_route=%2Fwp%2Fv2%2Ftags&post=155"}],"curies":[{"name":"wp","href":"https:\/\/api.w.org\/{rel}","templated":true}]}}