{"id":108,"date":"2018-04-09T20:18:29","date_gmt":"2018-04-09T18:18:29","guid":{"rendered":"http:\/\/universalproyecto.org\/?p=108"},"modified":"2018-04-09T20:56:57","modified_gmt":"2018-04-09T18:56:57","slug":"carta-a-mis-companeros-estudiantes-companeros-docentes-e-investigadores","status":"publish","type":"post","link":"http:\/\/universalproyecto.org\/?p=108","title":{"rendered":"Carta a mis compa\u00f1eros estudiantes, compa\u00f1eros docentes e investigadores\u2026"},"content":{"rendered":"<div class=\"entry-meta\"><\/div>\n<div class=\"entry-content\">\n<h2><strong>Carta a mis compa\u00f1eros estudiantes, docentes e investigadores\u2026<\/strong><\/h2>\n<div><a href=\"http:\/\/www.escuelaabierta.eu\/wp-content\/uploads\/2017\/07\/ense%C3%B1anza-1.jpg\"><img decoding=\"async\" loading=\"lazy\" class=\" wp-image-1433 aligncenter\" src=\"http:\/\/www.escuelaabierta.eu\/wp-content\/uploads\/2017\/07\/ense%C3%B1anza-1.jpg\" alt=\"\" width=\"336\" height=\"221\" \/><\/a><\/div>\n<div>\u00a0<img decoding=\"async\" loading=\"lazy\" class=\"wp-image-109 aligncenter\" src=\"http:\/\/universalproyecto.org\/wp-content\/uploads\/2018\/04\/paz-200x300.jpg\" alt=\"\" width=\"117\" height=\"176\" srcset=\"http:\/\/universalproyecto.org\/wp-content\/uploads\/2018\/04\/paz-200x300.jpg 200w, http:\/\/universalproyecto.org\/wp-content\/uploads\/2018\/04\/paz.jpg 500w\" sizes=\"(max-width: 117px) 100vw, 117px\" \/><\/div>\n<div>Por favor, divulguen; gracias.<br \/>\nCarta a mis compa\u00f1eros estudiantes, compa\u00f1eros docentes e investigadores; a la Sociedad e Instituciones.- Debemos cuestionarnos la calidad de preparaci\u00f3n que se le vienen aportando a nuestras generaciones; no podemos continuar manteni\u00e9ndoles encerrados, entre cuatro tabiques, atiborr\u00e1ndoles de un material obsoleto, te\u00f3rico y tedioso; donde, no solo, no se le construye desde unos principios de desarrollo de elevaci\u00f3n, sino que adem\u00e1s, se les aburre. La docencia debe cabalgar entre el cambio generacional y su contenido te\u00f3rico-pr\u00e1ctico. Personas que cada una de ellas, somos cient\u00edficos en experimentaci\u00f3n pr\u00e1ctica; por tanto, requieren ese proceso de experimentar, para garantizar su crecimiento y autosuficiencia. El corto tiempo que he estado investigando sobre el material que se emplea en cada una de las facultades por las que me he inscrito, han dado como resultado cada uno de los ensayos que reflejo en biograf\u00eda, donde se marcan las bases de un nuevo conocimiento; ah\u00ed se profundiza en otro modelo de ense\u00f1anza; no se puede gastar en armamentos, para matar m\u00e1s de dos billones de d\u00f3lares, (si las guerras no vienen dando soluciones verdaderas, \u00bfporqu\u00e9 se siguen ejerciendo?); ni mucho menos se pueden derrochar \u00a1cientos de billones de d\u00f3lares! En los conceptos de publicidad, cosm\u00e9tica y modas, (desde cu\u00e1ndo el aspecto externo prioriza sobre la realidad y desarrollo del crecimiento interno). Mientras en ense\u00f1anza, sanidad e investigaci\u00f3n, apenas si alcanza unas m\u00edseras migajas. Nuestras personas no se merecen tan escandaloso desprecio de abandono. Y cuando determinen modificar para mejorar, recuerden, que se aplique un 90% en pr\u00e1cticas junto a un 10% en ejercicio te\u00f3rico y explicativo.<br \/>\nRuego lo tengan presente para su consideraci\u00f3n y posible aplicaci\u00f3n.<br \/>\nSinceramente,<br \/>\nJuan Gal\u00e1n<br \/>\n<a href=\"http:\/\/www.ivoox.com\/encuentros-c-viii-cerebro-cuerpo-mente-espiritu-nada-virtual-suple-de-j-hiades-audios-mp3_rf_11418347_1.html\" target=\"_blank\" rel=\"nofollow noopener noreferrer\" data-saferedirecturl=\"https:\/\/www.google.com\/url?hl=es&amp;q=http:\/\/www.ivoox.com\/encuentros-c-viii-cerebro-cuerpo-mente-espiritu-nada-virtual-suple-de-j-hiades-audios-mp3_rf_11418347_1.html&amp;source=gmail&amp;ust=1501240322388000&amp;usg=AFQjCNFW91D3y2_jbSRDgY9SXVaCB980Cg\">http:\/\/www.ivoox.com\/<wbr \/>encuentros-c-viii-cerebro-<wbr \/>cuerpo-mente-espiritu-nada-<wbr \/>virtual-suple-de-j-hiades-<wbr \/>audios-mp3_rf_11418347_1.html<\/a><\/div>\n<div>\n<div>\n<div>\n<div>\u00a0&#8212;(resto de enlaces)-Conocimiento popular. Divulguen. Gracias&#8212;http:\/\/www.ivoox.com\/podcast-escuela-abierta-fm-radio-online_sq_f1248546_1.html<\/div>\n<\/div>\n<\/div>\n<\/div>\n<\/div>\n","protected":false},"excerpt":{"rendered":"<p>Carta a mis compa\u00f1eros estudiantes, docentes e investigadores\u2026 \u00a0 Por favor, divulguen; gracias. Carta a mis compa\u00f1eros estudiantes, compa\u00f1eros docentes e investigadores; a la Sociedad e Instituciones.- Debemos cuestionarnos la calidad de preparaci\u00f3n que se le vienen aportando a nuestras generaciones; no podemos continuar manteni\u00e9ndoles encerrados, entre cuatro tabiques, atiborr\u00e1ndoles de un material obsoleto, te\u00f3rico &hellip; <\/p>\n<p class=\"link-more\"><a href=\"http:\/\/universalproyecto.org\/?p=108\" class=\"more-link\">Continuar leyendo<span class=\"screen-reader-text\"> \u00abCarta a mis compa\u00f1eros estudiantes, compa\u00f1eros docentes e investigadores\u2026\u00bb<\/span><\/a><\/p>\n","protected":false},"author":1,"featured_media":0,"comment_status":"closed","ping_status":"closed","sticky":false,"template":"","format":"standard","meta":[],"categories":[5,6],"tags":[],"_links":{"self":[{"href":"http:\/\/universalproyecto.org\/index.php?rest_route=\/wp\/v2\/posts\/108"}],"collection":[{"href":"http:\/\/universalproyecto.org\/index.php?rest_route=\/wp\/v2\/posts"}],"about":[{"href":"http:\/\/universalproyecto.org\/index.php?rest_route=\/wp\/v2\/types\/post"}],"author":[{"embeddable":true,"href":"http:\/\/universalproyecto.org\/index.php?rest_route=\/wp\/v2\/users\/1"}],"replies":[{"embeddable":true,"href":"http:\/\/universalproyecto.org\/index.php?rest_route=%2Fwp%2Fv2%2Fcomments&post=108"}],"version-history":[{"count":3,"href":"http:\/\/universalproyecto.org\/index.php?rest_route=\/wp\/v2\/posts\/108\/revisions"}],"predecessor-version":[{"id":113,"href":"http:\/\/universalproyecto.org\/index.php?rest_route=\/wp\/v2\/posts\/108\/revisions\/113"}],"wp:attachment":[{"href":"http:\/\/universalproyecto.org\/index.php?rest_route=%2Fwp%2Fv2%2Fmedia&parent=108"}],"wp:term":[{"taxonomy":"category","embeddable":true,"href":"http:\/\/universalproyecto.org\/index.php?rest_route=%2Fwp%2Fv2%2Fcategories&post=108"},{"taxonomy":"post_tag","embeddable":true,"href":"http:\/\/universalproyecto.org\/index.php?rest_route=%2Fwp%2Fv2%2Ftags&post=108"}],"curies":[{"name":"wp","href":"https:\/\/api.w.org\/{rel}","templated":true}]}}