{"id":1,"date":"2017-02-07T13:51:54","date_gmt":"2017-02-07T13:51:54","guid":{"rendered":"http:\/\/universalproyecto.org\/?p=1"},"modified":"2018-04-09T20:06:39","modified_gmt":"2018-04-09T18:06:39","slug":"hola-mundo","status":"publish","type":"post","link":"http:\/\/universalproyecto.org\/?p=1","title":{"rendered":"AMIGO"},"content":{"rendered":"<h1><strong>\u00a0A\u00a0\u00a0\u00a0\u00a0 M\u00a0\u00a0\u00a0\u00a0 I\u00a0\u00a0\u00a0\u00a0 G\u00a0\u00a0\u00a0\u00a0 O<\/strong><\/h1>\n<h3><a href=\"http:\/\/www.escuelaabierta.eu\/wp-content\/uploads\/2011\/02\/4-667BD7CA-1085657-480.jpg\"><img decoding=\"async\" loading=\"lazy\" class=\"alignnone size-medium wp-image-977\" src=\"http:\/\/www.escuelaabierta.eu\/wp-content\/uploads\/2011\/02\/4-667BD7CA-1085657-480-300x200.jpg\" sizes=\"(max-width: 300px) 100vw, 300px\" srcset=\"http:\/\/www.escuelaabierta.eu\/wp-content\/uploads\/2011\/02\/4-667BD7CA-1085657-480-300x200.jpg 300w, http:\/\/www.escuelaabierta.eu\/wp-content\/uploads\/2011\/02\/4-667BD7CA-1085657-480.jpg 480w\" alt=\"4-667BD7CA-1085657-480\" width=\"300\" height=\"200\" \/><\/a><\/h3>\n<p>Desde UNI\u00d3N UNIVERSAL DESARROLLO SOLIDARIO\u2026<\/p>\n<p style=\"text-align: center;\">\u00a0\u00a0\u00a0\u00a0\u00a0\u00a0\u00a0\u00a0\u00a0\u00a0\u00a0\u00a0\u00a0\u00a0\u00a0\u00a0\u00a0\u00a0\u00a0\u00a0\u00a0\u00a0\u00a0\u00a0 Os presentamos el siguiente Poema de Amigo para que algo com\u00fan que todos sentimos lo hagamos nuestro himno de identificaci\u00f3n para el resto de las especies de \u00e9ste Planeta, para nosotros como humanos y formemos una HERMANDAD HUMANA.<\/p>\n<h3 style=\"text-align: center;\">\u00a0\u00a0\u00a0\u00a0\u00a0\u00a0\u00a0\u00a0\u00a0\u00a0\u00a0\u00a0\u00a0\u00a0\u00a0\u00a0\u00a0\u00a0\u00a0\u00a0\u00a0\u00a0\u00a0\u00a0 Que nos identifiquemos y seamos identificados por este com\u00fan sentir como Ciudadanos del Mundo.<\/h3>\n<h3 style=\"text-align: center;\">\u00a0\u00a0\u00a0\u00a0\u00a0\u00a0\u00a0\u00a0\u00a0\u00a0\u00a0\u00a0\u00a0\u00a0\u00a0\u00a0\u00a0\u00a0\u00a0\u00a0\u00a0\u00a0\u00a0\u00a0\u00a0 Se lo dedicamos a las Plataformas de Voluntariado, a las Organizaciones Sin \u00c1nimo de Lucro (ONGs.) y a sus Coordinadoras\u2026, como s\u00edmbolos de desprendimiento y entrega absoluta.<\/h3>\n<h1 style=\"text-align: center;\">\u00a0 A\u00a0 TI\u00a0 CIUDADANO DEL MUNDO.<\/h1>\n<h1 style=\"text-align: center;\"><strong>A\u00a0\u00a0 M\u00a0\u00a0 I\u00a0\u00a0 G\u00a0\u00a0 O<\/strong><\/h1>\n<h3 style=\"text-align: center;\">Yo\u2026, lo \u00fanico que pido<\/h3>\n<h3 style=\"text-align: center;\">Es que\u2026, cuando est\u00e9is conmigo,<\/h3>\n<h3 style=\"text-align: center;\">Os guard\u00e9is las banderas<\/h3>\n<h3 style=\"text-align: center;\">Destruy\u00e1is las fronteras<\/h3>\n<h3 style=\"text-align: center;\">Y olvid\u00e9is la palabra enemigo.<\/h3>\n<h3 style=\"text-align: center;\">\u00a0No veng\u00e1is a m\u00ed en son de Paz<\/h3>\n<h3 style=\"text-align: center;\">Si en verdad vais cargados de p\u00f3lvora,<\/h3>\n<h3 style=\"text-align: center;\">Pues a cambio de ofreceros mi mano,<\/h3>\n<h3 style=\"text-align: center;\">Vosotros me apunt\u00e1is con un fusil.<\/h3>\n<h3 style=\"text-align: center;\">No es la fuerza de las balas<\/h3>\n<h3 style=\"text-align: center;\">Las que se han de imponer,<\/h3>\n<h3 style=\"text-align: center;\">Es la fuerza del sentir,<\/h3>\n<h3 style=\"text-align: center;\">Quien nos debe dirigir,<\/h3>\n<h3 style=\"text-align: center;\">Hacia un nuevo amanecer.<\/h3>\n<h3 style=\"text-align: center;\">\u00a0Que no nos manchemos de sangre,<\/h3>\n<h3 style=\"text-align: center;\">Ni demos rienda suelta al odio;<\/h3>\n<h3 style=\"text-align: center;\">\u00bfQui\u00e9n puede poner cadenas al aire?,<\/h3>\n<h3 style=\"text-align: center;\">\u00bfQui\u00e9n a la Luz someter?;<\/h3>\n<h3 style=\"text-align: center;\">\u00a1Dejad libres los cielos!<\/h3>\n<h3 style=\"text-align: center;\">Que se llenen de aves,<\/h3>\n<h3 style=\"text-align: center;\">\u00a1Dejad correr el agua!<\/h3>\n<h3 style=\"text-align: center;\">Que nos permita beber.<\/h3>\n<h3 style=\"text-align: center;\">\u00a0Caminar en Paz por la Tierra<\/h3>\n<h3 style=\"text-align: center;\">Que nos ha de mantener<\/h3>\n<h3 style=\"text-align: center;\">Y sembremos de esperanzas nuevas<\/h3>\n<h3 style=\"text-align: center;\">Nuestras maneras de ver.<\/h3>\n<h3 style=\"text-align: center;\">J. H\u00edades<\/h3>\n<h3 style=\"text-align: center;\">Desde\u00a0 UNI\u00d3N UNIVERSAL DESARROLLO SOLIDARIO<\/h3>\n<h3 style=\"text-align: center;\"><a href=\"http:\/\/www.universalproyecto.org\/\">www.universalproyecto.org<\/a><\/h3>\n<p style=\"text-align: center;\"><a href=\"mailto:universalproyecto@gmail.com\">universalproyecto@gmail.com<\/a><\/p>\n<p style=\"text-align: center;\"><a href=\"http:\/\/www.escuelaabierta.eu\/\">www.escuelaabierta.eu<\/a><\/p>\n","protected":false},"excerpt":{"rendered":"<p>\u00a0A\u00a0\u00a0\u00a0\u00a0 M\u00a0\u00a0\u00a0\u00a0 I\u00a0\u00a0\u00a0\u00a0 G\u00a0\u00a0\u00a0\u00a0 O Desde UNI\u00d3N UNIVERSAL DESARROLLO SOLIDARIO\u2026 \u00a0\u00a0\u00a0\u00a0\u00a0\u00a0\u00a0\u00a0\u00a0\u00a0\u00a0\u00a0\u00a0\u00a0\u00a0\u00a0\u00a0\u00a0\u00a0\u00a0\u00a0\u00a0\u00a0\u00a0 Os presentamos el siguiente Poema de Amigo para que algo com\u00fan que todos sentimos lo hagamos nuestro himno de identificaci\u00f3n para el resto de las especies de \u00e9ste Planeta, para nosotros como humanos y formemos una HERMANDAD HUMANA. \u00a0\u00a0\u00a0\u00a0\u00a0\u00a0\u00a0\u00a0\u00a0\u00a0\u00a0\u00a0\u00a0\u00a0\u00a0\u00a0\u00a0\u00a0\u00a0\u00a0\u00a0\u00a0\u00a0\u00a0 Que nos identifiquemos y seamos &hellip; <\/p>\n<p class=\"link-more\"><a href=\"http:\/\/universalproyecto.org\/?p=1\" class=\"more-link\">Continuar leyendo<span class=\"screen-reader-text\"> \u00abAMIGO\u00bb<\/span><\/a><\/p>\n","protected":false},"author":1,"featured_media":0,"comment_status":"open","ping_status":"open","sticky":false,"template":"","format":"standard","meta":[],"categories":[1],"tags":[],"_links":{"self":[{"href":"http:\/\/universalproyecto.org\/index.php?rest_route=\/wp\/v2\/posts\/1"}],"collection":[{"href":"http:\/\/universalproyecto.org\/index.php?rest_route=\/wp\/v2\/posts"}],"about":[{"href":"http:\/\/universalproyecto.org\/index.php?rest_route=\/wp\/v2\/types\/post"}],"author":[{"embeddable":true,"href":"http:\/\/universalproyecto.org\/index.php?rest_route=\/wp\/v2\/users\/1"}],"replies":[{"embeddable":true,"href":"http:\/\/universalproyecto.org\/index.php?rest_route=%2Fwp%2Fv2%2Fcomments&post=1"}],"version-history":[{"count":2,"href":"http:\/\/universalproyecto.org\/index.php?rest_route=\/wp\/v2\/posts\/1\/revisions"}],"predecessor-version":[{"id":106,"href":"http:\/\/universalproyecto.org\/index.php?rest_route=\/wp\/v2\/posts\/1\/revisions\/106"}],"wp:attachment":[{"href":"http:\/\/universalproyecto.org\/index.php?rest_route=%2Fwp%2Fv2%2Fmedia&parent=1"}],"wp:term":[{"taxonomy":"category","embeddable":true,"href":"http:\/\/universalproyecto.org\/index.php?rest_route=%2Fwp%2Fv2%2Fcategories&post=1"},{"taxonomy":"post_tag","embeddable":true,"href":"http:\/\/universalproyecto.org\/index.php?rest_route=%2Fwp%2Fv2%2Ftags&post=1"}],"curies":[{"name":"wp","href":"https:\/\/api.w.org\/{rel}","templated":true}]}}